{"id":154,"date":"2014-01-25T18:40:28","date_gmt":"2014-01-25T17:40:28","guid":{"rendered":"https:\/\/www.caecilienchor-muenchenstein.ch\/wp?p=154"},"modified":"2022-05-09T00:54:49","modified_gmt":"2022-05-08T22:54:49","slug":"gv-2014-es-bleibt-spannend","status":"publish","type":"post","link":"https:\/\/www.caecilienchor-muenchenstein.ch\/?p=154","title":{"rendered":"GV 2014"},"content":{"rendered":"<p>Es bleibt spannend! Es gibt zwei M\u00f6glichkeiten, um etwas Spannung in eine Generalversammlung zu bringen. <!--more-->Auf der einen Seite sind es Wahlen, die vielleicht etwas umstritten sind und die andere M\u00f6glichkeit sind Statutenrevisionen. Da die Wahlen in diesem Jahr nicht vorgesehen waren, machte sich der Vorstand des C\u00e4cilienchors im vergangenen Jahr daran, die Statuten zu revidieren und diese f\u00fcr den letzten Samstag (25.01.) der Versammlung vorzulegen. Ein Hauptgrund war die Anzahl der vorgeschriebenen Mitglieder des Vorstandes, welche wir beim letzten Wahlzyklus nur mit viel M\u00fche erreichen konnten. Monika Schmid, Pr\u00e4sidentin, hat die \u00c4nderungen gut erl\u00e4utert und daher gab es keine grossen Diskussionen bis auf den Punkt der Form resp. Art und Weise, wie der Verein sich aufl\u00f6sen kann. Aufl\u00f6sen? Es ist \u00fcberhaupt nicht Ziel, dass wir uns bald aufl\u00f6sen und trotzdem kann die Mitgliederzahl nicht weiter kontinuierlich sinken. Es wird also spannend, wie es weitergeht. Wollen Sie etwas f\u00fcr uns tun?<\/p>\n<p>Claudia B\u00fcrgin<\/p>\n","protected":false},"excerpt":{"rendered":"<p>Es bleibt spannend! Es gibt zwei M\u00f6glichkeiten, um etwas Spannung in eine Generalversammlung zu bringen.<\/p>\n<p class=\"continue-reading-button\"> <a class=\"continue-reading-link\" href=\"https:\/\/www.caecilienchor-muenchenstein.ch\/?p=154\">Weiterlesen\u00bb<i class=\"crycon-right-dir\"><\/i><\/a><\/p>\n","protected":false},"author":2,"featured_media":0,"comment_status":"closed","ping_status":"open","sticky":false,"template":"","format":"standard","meta":{"footnotes":""},"categories":[1],"tags":[],"class_list":["post-154","post","type-post","status-publish","format-standard","hentry","category-allgemein"],"_links":{"self":[{"href":"https:\/\/www.caecilienchor-muenchenstein.ch\/index.php?rest_route=\/wp\/v2\/posts\/154"}],"collection":[{"href":"https:\/\/www.caecilienchor-muenchenstein.ch\/index.php?rest_route=\/wp\/v2\/posts"}],"about":[{"href":"https:\/\/www.caecilienchor-muenchenstein.ch\/index.php?rest_route=\/wp\/v2\/types\/post"}],"author":[{"embeddable":true,"href":"https:\/\/www.caecilienchor-muenchenstein.ch\/index.php?rest_route=\/wp\/v2\/users\/2"}],"replies":[{"embeddable":true,"href":"https:\/\/www.caecilienchor-muenchenstein.ch\/index.php?rest_route=%2Fwp%2Fv2%2Fcomments&post=154"}],"version-history":[{"count":2,"href":"https:\/\/www.caecilienchor-muenchenstein.ch\/index.php?rest_route=\/wp\/v2\/posts\/154\/revisions"}],"predecessor-version":[{"id":187,"href":"https:\/\/www.caecilienchor-muenchenstein.ch\/index.php?rest_route=\/wp\/v2\/posts\/154\/revisions\/187"}],"wp:attachment":[{"href":"https:\/\/www.caecilienchor-muenchenstein.ch\/index.php?rest_route=%2Fwp%2Fv2%2Fmedia&parent=154"}],"wp:term":[{"taxonomy":"category","embeddable":true,"href":"https:\/\/www.caecilienchor-muenchenstein.ch\/index.php?rest_route=%2Fwp%2Fv2%2Fcategories&post=154"},{"taxonomy":"post_tag","embeddable":true,"href":"https:\/\/www.caecilienchor-muenchenstein.ch\/index.php?rest_route=%2Fwp%2Fv2%2Ftags&post=154"}],"curies":[{"name":"wp","href":"https:\/\/api.w.org\/{rel}","templated":true}]}}