{"id":193,"date":"2015-03-14T10:08:13","date_gmt":"2015-03-14T09:08:13","guid":{"rendered":"https:\/\/www.caecilienchor-muenchenstein.ch\/wp?p=193"},"modified":"2022-05-09T00:54:48","modified_gmt":"2022-05-08T22:54:48","slug":"cantars-2015","status":"publish","type":"post","link":"https:\/\/www.caecilienchor-muenchenstein.ch\/?p=193","title":{"rendered":"Cantars 2015"},"content":{"rendered":"<p>Wir sind Teil eines grossen Festes der Musik<br \/>\nJosef Gabriel Rheinberger (1839 \u2013 1901) <!--more-->aus Vaduz war in M\u00fcnchen sehr erfolgreich als Komponist, Kompositionslehrer und Hofkapellmeister K\u00f6nig Ludwigs II. t\u00e4tig. Im Rahmen von Cantars, dem Schweizer Kirchenklangfest, f\u00fchrt der C\u00e4cilienchor M\u00fcnchenstein zusammen mit dem C\u00e4cilienchor Aesch am Samstag, 14. M\u00e4rz um 14.00 Uhr in der Basler St. Clarakirche zwei Werke auf des Komponisten unter dem Motto Rheinberger am Rheinknie: Stabat mater in g und den Passionsgesang .<br \/>\n<img loading=\"lazy\" decoding=\"async\" class=\"alignright wp-image-389 size-medium\" src=\"https:\/\/www.caecilienchor-muenchenstein.ch\/wp-content\/uploads\/cantars-300x266.jpg\" alt=\"cantars\" width=\"300\" height=\"266\" srcset=\"https:\/\/www.caecilienchor-muenchenstein.ch\/wp-content\/uploads\/cantars-300x266.jpg 300w, https:\/\/www.caecilienchor-muenchenstein.ch\/wp-content\/uploads\/cantars-150x133.jpg 150w, https:\/\/www.caecilienchor-muenchenstein.ch\/wp-content\/uploads\/cantars-169x150.jpg 169w, https:\/\/www.caecilienchor-muenchenstein.ch\/wp-content\/uploads\/cantars.jpg 476w\" sizes=\"(max-width: 300px) 100vw, 300px\" \/>Lassen Sie sich die Gelegenheit nicht entgehen und geniessen Sie gleich einen ganzen Tag mit alter und neuer Kirchenmusik von 12.00 bis 23.00 Uhr mit einem Tagespass f\u00fcr nur Fr. 45.- (Vorverkauf bei Bider &amp; Tanner, Programm\u00fcbersicht: www.cantars.org)! Das Einzelkonzert kostet Fr. 15.- an der Tageskasse. Wir, die C\u00e4ciliench\u00f6re M\u00fcnchenstein und Aesch freuen uns, Sie in der Clarakirche zu begr\u00fcssen.<br \/>\nInteresse geweckt? Herzlich willkommen als S\u00e4ngerin oder S\u00e4nger! Wir proben jeden Dienstag um 20.00 Uhr im Saal des Pfarreiheims, kath. Kirchgemeinde, Loogstrasse 22 (siehe auch: www.caecilienchor-muenchenstein.ch).<br \/>\nF\u00fcr den C\u00e4cilienchor Monika Schmid<\/p>\n","protected":false},"excerpt":{"rendered":"<p>Wir sind Teil eines grossen Festes der Musik Josef Gabriel Rheinberger (1839 \u2013 1901)<\/p>\n<p class=\"continue-reading-button\"> <a class=\"continue-reading-link\" href=\"https:\/\/www.caecilienchor-muenchenstein.ch\/?p=193\">Weiterlesen\u00bb<i class=\"crycon-right-dir\"><\/i><\/a><\/p>\n","protected":false},"author":2,"featured_media":389,"comment_status":"closed","ping_status":"open","sticky":false,"template":"","format":"standard","meta":{"footnotes":""},"categories":[1,7],"tags":[],"class_list":["post-193","post","type-post","status-publish","format-standard","has-post-thumbnail","hentry","category-allgemein","category-titelseite"],"_links":{"self":[{"href":"https:\/\/www.caecilienchor-muenchenstein.ch\/index.php?rest_route=\/wp\/v2\/posts\/193"}],"collection":[{"href":"https:\/\/www.caecilienchor-muenchenstein.ch\/index.php?rest_route=\/wp\/v2\/posts"}],"about":[{"href":"https:\/\/www.caecilienchor-muenchenstein.ch\/index.php?rest_route=\/wp\/v2\/types\/post"}],"author":[{"embeddable":true,"href":"https:\/\/www.caecilienchor-muenchenstein.ch\/index.php?rest_route=\/wp\/v2\/users\/2"}],"replies":[{"embeddable":true,"href":"https:\/\/www.caecilienchor-muenchenstein.ch\/index.php?rest_route=%2Fwp%2Fv2%2Fcomments&post=193"}],"version-history":[{"count":5,"href":"https:\/\/www.caecilienchor-muenchenstein.ch\/index.php?rest_route=\/wp\/v2\/posts\/193\/revisions"}],"predecessor-version":[{"id":445,"href":"https:\/\/www.caecilienchor-muenchenstein.ch\/index.php?rest_route=\/wp\/v2\/posts\/193\/revisions\/445"}],"wp:featuredmedia":[{"embeddable":true,"href":"https:\/\/www.caecilienchor-muenchenstein.ch\/index.php?rest_route=\/wp\/v2\/media\/389"}],"wp:attachment":[{"href":"https:\/\/www.caecilienchor-muenchenstein.ch\/index.php?rest_route=%2Fwp%2Fv2%2Fmedia&parent=193"}],"wp:term":[{"taxonomy":"category","embeddable":true,"href":"https:\/\/www.caecilienchor-muenchenstein.ch\/index.php?rest_route=%2Fwp%2Fv2%2Fcategories&post=193"},{"taxonomy":"post_tag","embeddable":true,"href":"https:\/\/www.caecilienchor-muenchenstein.ch\/index.php?rest_route=%2Fwp%2Fv2%2Ftags&post=193"}],"curies":[{"name":"wp","href":"https:\/\/api.w.org\/{rel}","templated":true}]}}