{"id":195,"date":"2014-12-14T10:18:11","date_gmt":"2014-12-14T09:18:11","guid":{"rendered":"https:\/\/www.caecilienchor-muenchenstein.ch\/wp?p=195"},"modified":"2022-05-09T00:54:48","modified_gmt":"2022-05-08T22:54:48","slug":"konzert-2014","status":"publish","type":"post","link":"https:\/\/www.caecilienchor-muenchenstein.ch\/?p=195","title":{"rendered":"Konzert 2014"},"content":{"rendered":"<p>Bei Temperaturen \u00fcber 25 Grad Celsius stimmte man sich ein auf Weihnachten. <!--more-->Rolf Herter, Dirigent des C\u00e4cilienchors M\u00fcnchenstein, schlug den S\u00e4ngern f\u00fcr das grosse Konzert in der Adventszeit das Weihnachtsoratorium (Kantaten I-III) von Johann Sebastian Bach vor. &#8222;Wir begannen mit den Vorbereitungen und den Proben vor den Sommerferien&#8220;, erkl\u00e4rt Monika Schmid, Pr\u00e4sidentin des Chores. Sie und 30 weitere S\u00e4ngerinnen und S\u00e4nger arbeiteten sich in die Thematik ein und feilten w\u00f6chentlich an der Abstimmung. Man wuchs zusammen mit den Solisten Ilse Zeuner (Sopran), Asa Dornbusch (Alt), Boguslaw Bidzinski (Tenor) und Robert Koller (Bass). Und Konzertmeister Bozidar Ljubin schlug die Br\u00fccke zum Orchester, welches begleitet wurde von Birgit Tittel (Orgel). Ein zahlreiches, strahlendes Publikum, das mit anhaltendem Applaus in der katholischen Kirche M\u00fcnchenstein seine Begeisterung zum Ausdruck brachte, waren Lob, Anerkennung und Dank f\u00fcr die grossartige Leistung, f\u00fcr das monatelange Training von Stimme, Geh\u00f6r, Chorgesang, Musizieren und f\u00fcr das Vereinen zu einem einzigartigen Werk, das die Herzen f\u00fcllte mit Liebe und W\u00e4rme. &#8222;Lieblich, es frohlocket, preiset in vollem Klang, t\u00f6net, ihr Pauken&#8230;.&#8220;: Innig verbreitet das Weihnachtsoratorium die Freude \u00fcber die Geburt Christi. Aufgef\u00fchrt worden war es erstmals vom Thomanerchor in Leipzig in den Gottesdiensten zwischen dem ersten Weihnachtsfeiertag 1734 und dem Epiphaniasfest 1735. Zeitwandel hin oder her, das Jahrhunderte alte Musikwerk ist popul\u00e4rer denn je. Im deutschsprachigen Raum findet man Hunderte Konzerte des Weihnachtsoratoriums. Es z\u00e4hlt eben zu den ber\u00fchmtesten geistlichen Kompositionen Bachs. Der Komponist l\u00e4sst die biblische Geschichte von der Geburt Jesu musikalisch und stimmlich theatralisch aufleben und geht tief in die Seele.<br \/>\nNach wie vor begehrt sind die Auftritte vom C\u00e4cilienchor M\u00fcnchenstein, hingegen sind es immer weniger, die sich engagieren. Die Zahl der Neuzug\u00e4nge kann die alters bedingten Abg\u00e4nge nicht wett machen, gibt Pressesprecherin Claudia B\u00fcrgin zu bedenken. Mit Gasts\u00e4ngern gelingt es dem Chor, an den Hochfesten wie Weihnachten, Ostern und Pfingsten grosse Auff\u00fchrungen zu realisieren. Nebst den w\u00f6chentlichen Proben tritt der Chor rund einmal im Monat im Gottesdienst auf. Wer Freude am Singen hat, der sei herzlich eingeladen, mitzumachen, eine gesangliche Ausbildung sei nicht Voraussetzung, betont Claudia B\u00fcrgin. Der C\u00e4cilienchor zeige Interessierten aber sehr gerne M\u00f6glichkeiten auf, sich gesanglich aus- und weiterzubilden.<\/p>\n<p>Bea Asper www.wochenblatt.ch<\/p>\n\n\t\t<style type=\"text\/css\">\n\t\t\t#gallery-1 {\n\t\t\t\tmargin: auto;\n\t\t\t}\n\t\t\t#gallery-1 .gallery-item {\n\t\t\t\tfloat: left;\n\t\t\t\tmargin-top: 10px;\n\t\t\t\ttext-align: center;\n\t\t\t\twidth: 100%;\n\t\t\t}\n\t\t\t#gallery-1 img {\n\t\t\t\tborder: 2px solid #cfcfcf;\n\t\t\t}\n\t\t\t#gallery-1 .gallery-caption {\n\t\t\t\tmargin-left: 0;\n\t\t\t}\n\t\t\t\/* see gallery_shortcode() in wp-includes\/media.php *\/\n\t\t<\/style>\n\t\t<div id='gallery-1' class='gallery galleryid-195 gallery-columns-1 gallery-size-large'><dl class='gallery-item'>\n\t\t\t<dt class='gallery-icon landscape'>\n\t\t\t\t<img loading=\"lazy\" decoding=\"async\" width=\"680\" height=\"453\" src=\"https:\/\/www.caecilienchor-muenchenstein.ch\/wp-content\/uploads\/Konzert2014-2.jpg\" class=\"attachment-large size-large\" alt=\"\" srcset=\"https:\/\/www.caecilienchor-muenchenstein.ch\/wp-content\/uploads\/Konzert2014-2.jpg 1387w, https:\/\/www.caecilienchor-muenchenstein.ch\/wp-content\/uploads\/Konzert2014-2-150x100.jpg 150w, https:\/\/www.caecilienchor-muenchenstein.ch\/wp-content\/uploads\/Konzert2014-2-300x200.jpg 300w, https:\/\/www.caecilienchor-muenchenstein.ch\/wp-content\/uploads\/Konzert2014-2-225x150.jpg 225w\" sizes=\"(max-width: 680px) 100vw, 680px\" \/>\n\t\t\t<\/dt><\/dl><br style=\"clear: both\" \/><dl class='gallery-item'>\n\t\t\t<dt class='gallery-icon landscape'>\n\t\t\t\t<img loading=\"lazy\" decoding=\"async\" width=\"680\" height=\"453\" src=\"https:\/\/www.caecilienchor-muenchenstein.ch\/wp-content\/uploads\/Konzert2014-3.jpg\" class=\"attachment-large size-large\" alt=\"\" srcset=\"https:\/\/www.caecilienchor-muenchenstein.ch\/wp-content\/uploads\/Konzert2014-3.jpg 1387w, https:\/\/www.caecilienchor-muenchenstein.ch\/wp-content\/uploads\/Konzert2014-3-150x100.jpg 150w, https:\/\/www.caecilienchor-muenchenstein.ch\/wp-content\/uploads\/Konzert2014-3-300x200.jpg 300w, https:\/\/www.caecilienchor-muenchenstein.ch\/wp-content\/uploads\/Konzert2014-3-225x150.jpg 225w\" sizes=\"(max-width: 680px) 100vw, 680px\" \/>\n\t\t\t<\/dt><\/dl><br style=\"clear: both\" \/><dl class='gallery-item'>\n\t\t\t<dt class='gallery-icon landscape'>\n\t\t\t\t<img loading=\"lazy\" decoding=\"async\" width=\"680\" height=\"453\" src=\"https:\/\/www.caecilienchor-muenchenstein.ch\/wp-content\/uploads\/Konzert2014-4.jpg\" class=\"attachment-large size-large\" alt=\"\" srcset=\"https:\/\/www.caecilienchor-muenchenstein.ch\/wp-content\/uploads\/Konzert2014-4.jpg 1387w, https:\/\/www.caecilienchor-muenchenstein.ch\/wp-content\/uploads\/Konzert2014-4-150x100.jpg 150w, https:\/\/www.caecilienchor-muenchenstein.ch\/wp-content\/uploads\/Konzert2014-4-300x200.jpg 300w, https:\/\/www.caecilienchor-muenchenstein.ch\/wp-content\/uploads\/Konzert2014-4-225x150.jpg 225w\" sizes=\"(max-width: 680px) 100vw, 680px\" \/>\n\t\t\t<\/dt><\/dl><br style=\"clear: both\" \/><dl class='gallery-item'>\n\t\t\t<dt class='gallery-icon landscape'>\n\t\t\t\t<img loading=\"lazy\" decoding=\"async\" width=\"680\" height=\"453\" src=\"https:\/\/www.caecilienchor-muenchenstein.ch\/wp-content\/uploads\/Konzert2014-1.jpg\" class=\"attachment-large size-large\" alt=\"\" srcset=\"https:\/\/www.caecilienchor-muenchenstein.ch\/wp-content\/uploads\/Konzert2014-1.jpg 1387w, https:\/\/www.caecilienchor-muenchenstein.ch\/wp-content\/uploads\/Konzert2014-1-150x100.jpg 150w, https:\/\/www.caecilienchor-muenchenstein.ch\/wp-content\/uploads\/Konzert2014-1-300x200.jpg 300w, https:\/\/www.caecilienchor-muenchenstein.ch\/wp-content\/uploads\/Konzert2014-1-225x150.jpg 225w\" sizes=\"(max-width: 680px) 100vw, 680px\" \/>\n\t\t\t<\/dt><\/dl><br style=\"clear: both\" \/><dl class='gallery-item'>\n\t\t\t<dt class='gallery-icon landscape'>\n\t\t\t\t<img loading=\"lazy\" decoding=\"async\" width=\"680\" height=\"453\" src=\"https:\/\/www.caecilienchor-muenchenstein.ch\/wp-content\/uploads\/Konzert2014-5.jpg\" class=\"attachment-large size-large\" alt=\"\" srcset=\"https:\/\/www.caecilienchor-muenchenstein.ch\/wp-content\/uploads\/Konzert2014-5.jpg 1387w, https:\/\/www.caecilienchor-muenchenstein.ch\/wp-content\/uploads\/Konzert2014-5-150x100.jpg 150w, https:\/\/www.caecilienchor-muenchenstein.ch\/wp-content\/uploads\/Konzert2014-5-300x200.jpg 300w, https:\/\/www.caecilienchor-muenchenstein.ch\/wp-content\/uploads\/Konzert2014-5-225x150.jpg 225w\" sizes=\"(max-width: 680px) 100vw, 680px\" \/>\n\t\t\t<\/dt><\/dl><br style=\"clear: both\" \/><dl class='gallery-item'>\n\t\t\t<dt class='gallery-icon landscape'>\n\t\t\t\t<img loading=\"lazy\" decoding=\"async\" width=\"680\" height=\"453\" src=\"https:\/\/www.caecilienchor-muenchenstein.ch\/wp-content\/uploads\/Konzert2014-6.jpg\" class=\"attachment-large size-large\" alt=\"\" srcset=\"https:\/\/www.caecilienchor-muenchenstein.ch\/wp-content\/uploads\/Konzert2014-6.jpg 1387w, https:\/\/www.caecilienchor-muenchenstein.ch\/wp-content\/uploads\/Konzert2014-6-150x100.jpg 150w, https:\/\/www.caecilienchor-muenchenstein.ch\/wp-content\/uploads\/Konzert2014-6-300x200.jpg 300w, https:\/\/www.caecilienchor-muenchenstein.ch\/wp-content\/uploads\/Konzert2014-6-225x150.jpg 225w\" sizes=\"(max-width: 680px) 100vw, 680px\" \/>\n\t\t\t<\/dt><\/dl><br style=\"clear: both\" \/>\n\t\t<\/div>\n\n","protected":false},"excerpt":{"rendered":"<p>Bei Temperaturen \u00fcber 25 Grad Celsius stimmte man sich ein auf Weihnachten.<\/p>\n<p class=\"continue-reading-button\"> <a class=\"continue-reading-link\" href=\"https:\/\/www.caecilienchor-muenchenstein.ch\/?p=195\">Weiterlesen\u00bb<i class=\"crycon-right-dir\"><\/i><\/a><\/p>\n","protected":false},"author":2,"featured_media":356,"comment_status":"closed","ping_status":"open","sticky":false,"template":"","format":"standard","meta":{"footnotes":""},"categories":[1,7],"tags":[],"class_list":["post-195","post","type-post","status-publish","format-standard","has-post-thumbnail","hentry","category-allgemein","category-titelseite"],"_links":{"self":[{"href":"https:\/\/www.caecilienchor-muenchenstein.ch\/index.php?rest_route=\/wp\/v2\/posts\/195"}],"collection":[{"href":"https:\/\/www.caecilienchor-muenchenstein.ch\/index.php?rest_route=\/wp\/v2\/posts"}],"about":[{"href":"https:\/\/www.caecilienchor-muenchenstein.ch\/index.php?rest_route=\/wp\/v2\/types\/post"}],"author":[{"embeddable":true,"href":"https:\/\/www.caecilienchor-muenchenstein.ch\/index.php?rest_route=\/wp\/v2\/users\/2"}],"replies":[{"embeddable":true,"href":"https:\/\/www.caecilienchor-muenchenstein.ch\/index.php?rest_route=%2Fwp%2Fv2%2Fcomments&post=195"}],"version-history":[{"count":6,"href":"https:\/\/www.caecilienchor-muenchenstein.ch\/index.php?rest_route=\/wp\/v2\/posts\/195\/revisions"}],"predecessor-version":[{"id":402,"href":"https:\/\/www.caecilienchor-muenchenstein.ch\/index.php?rest_route=\/wp\/v2\/posts\/195\/revisions\/402"}],"wp:featuredmedia":[{"embeddable":true,"href":"https:\/\/www.caecilienchor-muenchenstein.ch\/index.php?rest_route=\/wp\/v2\/media\/356"}],"wp:attachment":[{"href":"https:\/\/www.caecilienchor-muenchenstein.ch\/index.php?rest_route=%2Fwp%2Fv2%2Fmedia&parent=195"}],"wp:term":[{"taxonomy":"category","embeddable":true,"href":"https:\/\/www.caecilienchor-muenchenstein.ch\/index.php?rest_route=%2Fwp%2Fv2%2Fcategories&post=195"},{"taxonomy":"post_tag","embeddable":true,"href":"https:\/\/www.caecilienchor-muenchenstein.ch\/index.php?rest_route=%2Fwp%2Fv2%2Ftags&post=195"}],"curies":[{"name":"wp","href":"https:\/\/api.w.org\/{rel}","templated":true}]}}