{"id":487,"date":"2015-06-07T21:22:05","date_gmt":"2015-06-07T19:22:05","guid":{"rendered":"https:\/\/www.caecilienchor-muenchenstein.ch\/?p=487"},"modified":"2022-05-09T00:54:48","modified_gmt":"2022-05-08T22:54:48","slug":"schlussabend-2015","status":"publish","type":"post","link":"https:\/\/www.caecilienchor-muenchenstein.ch\/?p=487","title":{"rendered":"Schlussabend 2015"},"content":{"rendered":"<p>Ein sch\u00f6ner Abend mit einem vielseitigen Ap\u00e9ro, einem feinen Essen (Gschwellti, K\u00e4se und Salat), einem spannenden Quiz von Rolf, einem k\u00fchlen Dessert (Glace) und \u00fcberraschenden Geschenken an die Organisatoren: Alain, Rolf und Walti von Annemarie. Ein grosses MERCI f\u00fcr Alles!<\/p>\n<p><a href=\"https:\/\/www.caecilienchor-muenchenstein.ch\/wp-content\/uploads\/P1270257.jpg\"><img loading=\"lazy\" decoding=\"async\" class=\"alignnone size-medium wp-image-498\" src=\"https:\/\/www.caecilienchor-muenchenstein.ch\/wp-content\/uploads\/P1270257-300x225.jpg\" alt=\"P1270257\" width=\"300\" height=\"225\" srcset=\"https:\/\/www.caecilienchor-muenchenstein.ch\/wp-content\/uploads\/P1270257-300x225.jpg 300w, https:\/\/www.caecilienchor-muenchenstein.ch\/wp-content\/uploads\/P1270257-150x113.jpg 150w\" sizes=\"(max-width: 300px) 100vw, 300px\" \/><\/a>\u00a0 <a href=\"https:\/\/www.caecilienchor-muenchenstein.ch\/wp-content\/uploads\/P1270260.jpg\"><img loading=\"lazy\" decoding=\"async\" class=\"alignnone wp-image-499 size-medium\" src=\"https:\/\/www.caecilienchor-muenchenstein.ch\/wp-content\/uploads\/P1270260-e1438717492684-225x300.jpg\" alt=\"P1270260\" width=\"225\" height=\"300\" srcset=\"https:\/\/www.caecilienchor-muenchenstein.ch\/wp-content\/uploads\/P1270260-e1438717492684-225x300.jpg 225w, https:\/\/www.caecilienchor-muenchenstein.ch\/wp-content\/uploads\/P1270260-e1438717492684-113x150.jpg 113w, https:\/\/www.caecilienchor-muenchenstein.ch\/wp-content\/uploads\/P1270260-e1438717492684-90x120.jpg 90w, https:\/\/www.caecilienchor-muenchenstein.ch\/wp-content\/uploads\/P1270260-e1438717492684.jpg 1920w\" sizes=\"(max-width: 225px) 100vw, 225px\" \/><\/a><a href=\"https:\/\/www.caecilienchor-muenchenstein.ch\/wp-content\/uploads\/P1270264.jpg\"><img loading=\"lazy\" decoding=\"async\" class=\"alignnone wp-image-501 size-medium\" src=\"https:\/\/www.caecilienchor-muenchenstein.ch\/wp-content\/uploads\/P1270264-e1438717450900-225x300.jpg\" alt=\"P1270264\" width=\"225\" height=\"300\" srcset=\"https:\/\/www.caecilienchor-muenchenstein.ch\/wp-content\/uploads\/P1270264-e1438717450900-225x300.jpg 225w, https:\/\/www.caecilienchor-muenchenstein.ch\/wp-content\/uploads\/P1270264-e1438717450900-113x150.jpg 113w, https:\/\/www.caecilienchor-muenchenstein.ch\/wp-content\/uploads\/P1270264-e1438717450900-90x120.jpg 90w, https:\/\/www.caecilienchor-muenchenstein.ch\/wp-content\/uploads\/P1270264-e1438717450900.jpg 1920w\" sizes=\"(max-width: 225px) 100vw, 225px\" \/><\/a> <a href=\"https:\/\/www.caecilienchor-muenchenstein.ch\/wp-content\/uploads\/P1270263.jpg\"><img loading=\"lazy\" decoding=\"async\" class=\"alignnone wp-image-500 size-medium\" src=\"https:\/\/www.caecilienchor-muenchenstein.ch\/wp-content\/uploads\/P1270263-e1438717474792-225x300.jpg\" alt=\"P1270263\" width=\"225\" height=\"300\" srcset=\"https:\/\/www.caecilienchor-muenchenstein.ch\/wp-content\/uploads\/P1270263-e1438717474792-225x300.jpg 225w, https:\/\/www.caecilienchor-muenchenstein.ch\/wp-content\/uploads\/P1270263-e1438717474792-113x150.jpg 113w, https:\/\/www.caecilienchor-muenchenstein.ch\/wp-content\/uploads\/P1270263-e1438717474792-90x120.jpg 90w, https:\/\/www.caecilienchor-muenchenstein.ch\/wp-content\/uploads\/P1270263-e1438717474792.jpg 1920w\" sizes=\"(max-width: 225px) 100vw, 225px\" \/><\/a> <a href=\"https:\/\/www.caecilienchor-muenchenstein.ch\/wp-content\/uploads\/P1270272.jpg\"><img loading=\"lazy\" decoding=\"async\" class=\"alignnone size-medium wp-image-502\" src=\"https:\/\/www.caecilienchor-muenchenstein.ch\/wp-content\/uploads\/P1270272-300x225.jpg\" alt=\"P1270272\" width=\"300\" height=\"225\" srcset=\"https:\/\/www.caecilienchor-muenchenstein.ch\/wp-content\/uploads\/P1270272-300x225.jpg 300w, https:\/\/www.caecilienchor-muenchenstein.ch\/wp-content\/uploads\/P1270272-150x113.jpg 150w\" sizes=\"(max-width: 300px) 100vw, 300px\" \/><\/a><\/p>\n<p><a href=\"https:\/\/www.caecilienchor-muenchenstein.ch\/wp-content\/uploads\/2015_Schlussabend.pdf\">2015_Schlussabend<\/a><\/p>\n","protected":false},"excerpt":{"rendered":"<p>Ein sch\u00f6ner Abend mit einem vielseitigen Ap\u00e9ro, einem feinen Essen (Gschwellti, K\u00e4se und Salat), einem spannenden Quiz von Rolf, einem k\u00fchlen Dessert (Glace) und \u00fcberraschenden Geschenken an die Organisatoren: Alain, Rolf und Walti von Annemarie. Ein grosses MERCI f\u00fcr Alles! \u00a0 2015_Schlussabend<\/p>\n<p class=\"continue-reading-button\"> <a class=\"continue-reading-link\" href=\"https:\/\/www.caecilienchor-muenchenstein.ch\/?p=487\">Weiterlesen\u00bb<i class=\"crycon-right-dir\"><\/i><\/a><\/p>\n","protected":false},"author":2,"featured_media":498,"comment_status":"closed","ping_status":"open","sticky":false,"template":"","format":"standard","meta":{"footnotes":""},"categories":[1,7],"tags":[],"class_list":["post-487","post","type-post","status-publish","format-standard","has-post-thumbnail","hentry","category-allgemein","category-titelseite"],"_links":{"self":[{"href":"https:\/\/www.caecilienchor-muenchenstein.ch\/index.php?rest_route=\/wp\/v2\/posts\/487"}],"collection":[{"href":"https:\/\/www.caecilienchor-muenchenstein.ch\/index.php?rest_route=\/wp\/v2\/posts"}],"about":[{"href":"https:\/\/www.caecilienchor-muenchenstein.ch\/index.php?rest_route=\/wp\/v2\/types\/post"}],"author":[{"embeddable":true,"href":"https:\/\/www.caecilienchor-muenchenstein.ch\/index.php?rest_route=\/wp\/v2\/users\/2"}],"replies":[{"embeddable":true,"href":"https:\/\/www.caecilienchor-muenchenstein.ch\/index.php?rest_route=%2Fwp%2Fv2%2Fcomments&post=487"}],"version-history":[{"count":5,"href":"https:\/\/www.caecilienchor-muenchenstein.ch\/index.php?rest_route=\/wp\/v2\/posts\/487\/revisions"}],"predecessor-version":[{"id":503,"href":"https:\/\/www.caecilienchor-muenchenstein.ch\/index.php?rest_route=\/wp\/v2\/posts\/487\/revisions\/503"}],"wp:featuredmedia":[{"embeddable":true,"href":"https:\/\/www.caecilienchor-muenchenstein.ch\/index.php?rest_route=\/wp\/v2\/media\/498"}],"wp:attachment":[{"href":"https:\/\/www.caecilienchor-muenchenstein.ch\/index.php?rest_route=%2Fwp%2Fv2%2Fmedia&parent=487"}],"wp:term":[{"taxonomy":"category","embeddable":true,"href":"https:\/\/www.caecilienchor-muenchenstein.ch\/index.php?rest_route=%2Fwp%2Fv2%2Fcategories&post=487"},{"taxonomy":"post_tag","embeddable":true,"href":"https:\/\/www.caecilienchor-muenchenstein.ch\/index.php?rest_route=%2Fwp%2Fv2%2Ftags&post=487"}],"curies":[{"name":"wp","href":"https:\/\/api.w.org\/{rel}","templated":true}]}}