{"id":513,"date":"2015-08-16T20:50:26","date_gmt":"2015-08-16T18:50:26","guid":{"rendered":"https:\/\/www.caecilienchor-muenchenstein.ch\/?p=513"},"modified":"2022-05-09T00:54:48","modified_gmt":"2022-05-08T22:54:48","slug":"chorreise-2015","status":"publish","type":"post","link":"https:\/\/www.caecilienchor-muenchenstein.ch\/?p=513","title":{"rendered":"Chorreise 2015"},"content":{"rendered":"<p><strong>Von tuten und blasen<\/strong><\/p>\n<p>hatten die S\u00e4ngerinnen und S\u00e4nger des C\u00e4cilienchores,\u00a0<!--more--> welche am Samstag auf die eint\u00e4gige Reise gingen, nicht unbedingt eine grosse Ahnung. Sie folgten aber zuversichtlich der Einladung des Dirigenten Rolf Herter und freuten sich auf einen interessanten Tag. Nach einer St\u00e4rkung im malerischen St\u00e4dtchen Waldshut stand freie Zeit im Programm. Ein Stadtbummel auf der einladenden Fussg\u00e4ngerzone durch die historische Altstadt lohnt sich auf jeden Fall: Oberes und Unteres Tor, barockes Rathaus, vielf\u00e4ltig gestaltete Brunnen am teilweise sichtbaren Seltenbach und nat\u00fcrlich der Markt haben auch noch viele weitere Schweizer angelockt. Es scheint fast, als wollten die Eidgenossen die 1468 erfolglose Belagerung heute nachholen! Nach einem feinen Mittagessen dislozierten wir per Bahn nach Back S\u00e4ckingen. Auch dies ist ein wundersch\u00f6nes St\u00e4dtchen am Rhein und wird wohl von den Meisten sofort mit dem Trompeter von S\u00e4ckingen in Verbindung gebracht. Wir waren gespannt auf die angesagte F\u00fchrung im Trompetenmuseum. Dieses ist im ehemaligen Schloss Sch\u00f6nau inmitten einer pr\u00e4chtigen Parkanlage untergebracht. Der F\u00fchrer gab uns, nicht mit Pauken und Trompeten und ohne uns den Marsch zu blasen, aber auf sympathische Art Einblicke in diese reichhaltige Anlage. Er erz\u00e4hlte uns auch die historischen Hintergr\u00fcnde des Versepos \u201eDer Trompeter von S\u00e4ckingen\u201c und der gleichnamigen Oper. Aus dem umfangreichen Schatz wies er uns auf ganz besondere Instrumente hin wie eine Naturtrompete aus dem Jahre 1664, auf Aidatrompeten, auf Ventiltrompeten mit Aufsteckb\u00f6gen f\u00fcr verschiedene Stimmungen und und und. Wir erfreuten uns am \u00e4ltesten (um 1850) Alphorn, welches aus der Schweiz stammt und noch spielbar ist. Dank einem gl\u00fccklichen Zufall ist auch die ganz spezielle Trompete, welche Richard Wagner f\u00fcr sein Musikdrama \u201eTristan und Isolde\u201c in Auftrag gegeben hat, hier zu bestaunen. Dieses skurrile Instrument war n\u00e4mlich im Jahre 2003 eine Leihgabe der Semperoper Dresden und ist darum der damaligen \u00dcberschwemmung nicht zum Opfer gefallen. Als Dank darf sie nun in Bad S\u00e4ckingen bleiben. Beinahe ereilte uns ein \u00e4hnliches Schicksal: Der vorgesehene Zug f\u00fcr die Heimfahrt wird mit einer Versp\u00e4tung von 80 (achtzig!) Minuten angesagt! Acht Personen bestiegen sofort einen Taxi VWBus, liessen sich zum Bahnhof Rheinfelden CH chauffieren und waren beinahe zur vorgesehenen Zeit daheim. Der Rest schaffte es eine halbe Stunde sp\u00e4ter ebenfalls. Dieser kleine Tolggen geh\u00f6rt nur ins Reinheft der Deutschen Bahn; unser Dirigent hat eine reine Weste und wir sind ihm f\u00fcr diesen interessanten Jahresausflug sehr dankbar!<\/p>\n<p>Lucia Furrer<\/p>\n<p><a href=\"https:\/\/www.caecilienchor-muenchenstein.ch\/wp-content\/uploads\/Ausflug_Hochrhein_2015.pdf\">Ausflug_Hochrhein_2015<\/a><\/p>\n<p><strong><a href=\"https:\/\/www.caecilienchor-muenchenstein.ch\/wp-content\/uploads\/0136_Chorausflug_2015_08_29.jpg\"><img loading=\"lazy\" decoding=\"async\" class=\"alignnone size-medium wp-image-555\" src=\"https:\/\/www.caecilienchor-muenchenstein.ch\/wp-content\/uploads\/0136_Chorausflug_2015_08_29-300x225.jpg\" alt=\"0136_Chorausflug_2015_08_29\" width=\"300\" height=\"225\" srcset=\"https:\/\/www.caecilienchor-muenchenstein.ch\/wp-content\/uploads\/0136_Chorausflug_2015_08_29-300x225.jpg 300w, https:\/\/www.caecilienchor-muenchenstein.ch\/wp-content\/uploads\/0136_Chorausflug_2015_08_29-150x113.jpg 150w\" sizes=\"(max-width: 300px) 100vw, 300px\" \/><\/a> <a href=\"https:\/\/www.caecilienchor-muenchenstein.ch\/wp-content\/uploads\/0132_Chorausflug_2015_08_29.jpg\"><img loading=\"lazy\" decoding=\"async\" class=\"alignnone size-medium wp-image-554\" src=\"https:\/\/www.caecilienchor-muenchenstein.ch\/wp-content\/uploads\/0132_Chorausflug_2015_08_29-300x225.jpg\" alt=\"0132_Chorausflug_2015_08_29\" width=\"300\" height=\"225\" srcset=\"https:\/\/www.caecilienchor-muenchenstein.ch\/wp-content\/uploads\/0132_Chorausflug_2015_08_29-300x225.jpg 300w, https:\/\/www.caecilienchor-muenchenstein.ch\/wp-content\/uploads\/0132_Chorausflug_2015_08_29-150x113.jpg 150w\" sizes=\"(max-width: 300px) 100vw, 300px\" \/><\/a> <a href=\"https:\/\/www.caecilienchor-muenchenstein.ch\/wp-content\/uploads\/0125_Chorausflug_2015_08_29.jpg\"><img loading=\"lazy\" decoding=\"async\" class=\"alignnone size-medium wp-image-553\" src=\"https:\/\/www.caecilienchor-muenchenstein.ch\/wp-content\/uploads\/0125_Chorausflug_2015_08_29-300x225.jpg\" alt=\"0125_Chorausflug_2015_08_29\" width=\"300\" height=\"225\" srcset=\"https:\/\/www.caecilienchor-muenchenstein.ch\/wp-content\/uploads\/0125_Chorausflug_2015_08_29-300x225.jpg 300w, https:\/\/www.caecilienchor-muenchenstein.ch\/wp-content\/uploads\/0125_Chorausflug_2015_08_29-150x113.jpg 150w\" sizes=\"(max-width: 300px) 100vw, 300px\" \/><\/a> <a href=\"https:\/\/www.caecilienchor-muenchenstein.ch\/wp-content\/uploads\/0097_Chorausflug_2015_08_29.jpg\"><img loading=\"lazy\" decoding=\"async\" class=\"alignnone size-medium wp-image-552\" src=\"https:\/\/www.caecilienchor-muenchenstein.ch\/wp-content\/uploads\/0097_Chorausflug_2015_08_29-300x225.jpg\" alt=\"0097_Chorausflug_2015_08_29\" width=\"300\" height=\"225\" srcset=\"https:\/\/www.caecilienchor-muenchenstein.ch\/wp-content\/uploads\/0097_Chorausflug_2015_08_29-300x225.jpg 300w, https:\/\/www.caecilienchor-muenchenstein.ch\/wp-content\/uploads\/0097_Chorausflug_2015_08_29-150x113.jpg 150w\" sizes=\"(max-width: 300px) 100vw, 300px\" \/><\/a> <a href=\"https:\/\/www.caecilienchor-muenchenstein.ch\/wp-content\/uploads\/0077_Chorausflug_2015_08_29.jpg\"><img loading=\"lazy\" decoding=\"async\" class=\"alignnone size-medium wp-image-551\" src=\"https:\/\/www.caecilienchor-muenchenstein.ch\/wp-content\/uploads\/0077_Chorausflug_2015_08_29-300x225.jpg\" alt=\"0077_Chorausflug_2015_08_29\" width=\"300\" height=\"225\" srcset=\"https:\/\/www.caecilienchor-muenchenstein.ch\/wp-content\/uploads\/0077_Chorausflug_2015_08_29-300x225.jpg 300w, https:\/\/www.caecilienchor-muenchenstein.ch\/wp-content\/uploads\/0077_Chorausflug_2015_08_29-150x113.jpg 150w\" sizes=\"(max-width: 300px) 100vw, 300px\" \/><\/a><\/strong><\/p>\n","protected":false},"excerpt":{"rendered":"<p>Von tuten und blasen hatten die S\u00e4ngerinnen und S\u00e4nger des C\u00e4cilienchores,\u00a0<\/p>\n<p class=\"continue-reading-button\"> <a class=\"continue-reading-link\" href=\"https:\/\/www.caecilienchor-muenchenstein.ch\/?p=513\">Weiterlesen\u00bb<i class=\"crycon-right-dir\"><\/i><\/a><\/p>\n","protected":false},"author":2,"featured_media":552,"comment_status":"closed","ping_status":"open","sticky":false,"template":"","format":"standard","meta":{"footnotes":""},"categories":[1,7],"tags":[],"class_list":["post-513","post","type-post","status-publish","format-standard","has-post-thumbnail","hentry","category-allgemein","category-titelseite"],"_links":{"self":[{"href":"https:\/\/www.caecilienchor-muenchenstein.ch\/index.php?rest_route=\/wp\/v2\/posts\/513"}],"collection":[{"href":"https:\/\/www.caecilienchor-muenchenstein.ch\/index.php?rest_route=\/wp\/v2\/posts"}],"about":[{"href":"https:\/\/www.caecilienchor-muenchenstein.ch\/index.php?rest_route=\/wp\/v2\/types\/post"}],"author":[{"embeddable":true,"href":"https:\/\/www.caecilienchor-muenchenstein.ch\/index.php?rest_route=\/wp\/v2\/users\/2"}],"replies":[{"embeddable":true,"href":"https:\/\/www.caecilienchor-muenchenstein.ch\/index.php?rest_route=%2Fwp%2Fv2%2Fcomments&post=513"}],"version-history":[{"count":7,"href":"https:\/\/www.caecilienchor-muenchenstein.ch\/index.php?rest_route=\/wp\/v2\/posts\/513\/revisions"}],"predecessor-version":[{"id":815,"href":"https:\/\/www.caecilienchor-muenchenstein.ch\/index.php?rest_route=\/wp\/v2\/posts\/513\/revisions\/815"}],"wp:featuredmedia":[{"embeddable":true,"href":"https:\/\/www.caecilienchor-muenchenstein.ch\/index.php?rest_route=\/wp\/v2\/media\/552"}],"wp:attachment":[{"href":"https:\/\/www.caecilienchor-muenchenstein.ch\/index.php?rest_route=%2Fwp%2Fv2%2Fmedia&parent=513"}],"wp:term":[{"taxonomy":"category","embeddable":true,"href":"https:\/\/www.caecilienchor-muenchenstein.ch\/index.php?rest_route=%2Fwp%2Fv2%2Fcategories&post=513"},{"taxonomy":"post_tag","embeddable":true,"href":"https:\/\/www.caecilienchor-muenchenstein.ch\/index.php?rest_route=%2Fwp%2Fv2%2Ftags&post=513"}],"curies":[{"name":"wp","href":"https:\/\/api.w.org\/{rel}","templated":true}]}}