{"id":590,"date":"2016-02-28T16:50:45","date_gmt":"2016-02-28T15:50:45","guid":{"rendered":"https:\/\/www.caecilienchor-muenchenstein.ch\/?p=590"},"modified":"2022-05-09T00:54:48","modified_gmt":"2022-05-08T22:54:48","slug":"gv-2016","status":"publish","type":"post","link":"https:\/\/www.caecilienchor-muenchenstein.ch\/?p=590","title":{"rendered":"GV 2016"},"content":{"rendered":"<p>Jahresbericht des Musikalischen Leiters 2015<!--more--><\/p>\n<p>In seinem modernen M\u00e4rchen \u201eHimmel und H\u00f6lle\u201c erz\u00e4hlt Heinz K\u00f6rner von einem jungen Mann, der die Gelegenheit hat, den Himmel und die H\u00f6lle zu besuchen. In der H\u00f6lle sind bei den Menschen die Arme so fixiert, dass sie die Ellbogen nicht abknicken k\u00f6nnen. Dummerweise ist ihre Speise aber eine Suppe, die sie aus grossen T\u00f6pfen mit langen L\u00f6ffeln herausnehmen sollten. Verzweifelt versuchen sie, dies zu bewerkstelligen, sind sich dabei im Weg, rempeln sich an und bleiben doch hungrig. Als der junge Mann in den Himmel kommt, ist er entsetzt, als dort die Situation die gleiche scheint. Dann entdeckt er den entscheidenden Unterschied: Im Himmel f\u00fcttern sich die Leute gegenseitig.<br \/>\nGemeinsam geht es also leichter, nein, es geht oft nur gemeinsam. Wenn Menschen mit Freude, mit Liebe zusammen etwas angehen, dann ist das ein St\u00fcck Himmel. Das gilt nat\u00fcrlich f\u00fcr weniges so stark wie f\u00fcr das Singen, hier muss man GEMEINSAM anfangen und aufh\u00f6ren, GEMEINSAM intonieren und artikulieren, den GLEICHEN Ton treffen.<br \/>\nAber Gemeinsamkeit kann auch die Zusammenarbeit mit anderen bedeuten, was ja dieses Jahr der Fall war, und so m\u00f6chte ich 2015 als \u201eJahr der Gemeinsamkeit\u201c titulieren.<br \/>\n(Ich rede bewusst nicht von dem von der Grossindustrie v\u00f6llig verbrauchten und karikierten Begriff TEAM.)<\/p>\n<p>2015 war das erste Jahr mit einer neuen Pfarreileitung, und ich muss von meiner Seite aus sagen, dass wir zu einer guten<br \/>\nZusammenarbeit gefunden haben. Daniel, dir vielen Dank f\u00fcr deine Kooperation, dein Zuh\u00f6ren, deine Ideen, f\u00fcr die Zusammenarbeit.<\/p>\n<p>Wichtig waren nat\u00fcrlich die beiden grossen Kooperationen mit anderen Ensembles.<br \/>\nAm 14.3. durften wir zusammen mit dem C\u00e4cilienchor Aesch (Leitung David Rossel), begleitet von Birgit Tittel an der Orgel und Streichern, den Passionsgesang und das Stabat Mater w\u00e4hrend des Kirchenklangfestes CANTARS auff\u00fchren. Ein Probentag und eine Zusatzprobe halfen uns dazu. Es gelang gut, obwohl man ein wenig zu knapp dran war. Nach dem Auftritt fungierten wir noch als Probechor f\u00fcr einen Dirigierworkshop. Unsere anf\u00e4ngliche Skepsis verschwand, als wir merkten, wie launig und heiter der Leiter Raphael Immoos die Sache anging.<\/p>\n<p>Die zweite Kooperation war unser Adventskonzert mit der Musikgesellschaft Concordia Allschwil und dem Musikverein Sch\u00f6nenbuch. Hier brauchte es einiges an \u00dcberlegungen, ausprobieren, aush\u00f6ren, um zu einem guten Ergebnis zu kommen. Die Crux ist ja, dass Profis\u00e4nger laut singen k\u00f6nnen und Profibl\u00e4ser sehr leise, bei manchen Laien ist es eher umgekehrt. So k\u00f6nnte es passieren, dass man von den S\u00e4ngern nichts h\u00f6rt. Am Ende gelang alles wunderbar, es waren zwei wunderbare Konzerte (27.11. bei uns und 29.11. in St. Theresia), die die Zuh\u00f6rer mit St\u00fccken wie Weihnachtszauber, Halleluja und Adeste fideles in eine fr\u00f6hliche adventliche Stimmung brachten.<\/p>\n<p>Wir haben im Jahr 2015 10 Gottesdienste mitgestaltet, die im Folgenden n\u00e4her erl\u00e4utert werden:<\/p>\n<p>Am 18.1. sangen wir im \u00d6kumenischen Gottesdienst zusammen mit dem Jubilatechor Teile aus der Messe G-Dur von Schubert und den Cantique de Jacques Racine von Faur\u00e9.<\/p>\n<p>Am 1.2. sangen wir Lobe den Herrn, meine Seele und Halleluja, Jesus ist kommen und Verleih uns Frieden.<\/p>\n<p>In der Karwoche pflegten wir noch einmal Gemeinsamkeit: Wir halfen den Aeschern am Gr\u00fcndonnerstag, 2.4. bei einer Wiederholung von CANTARS-Teilen, sie kamen zahlreich am Karfreitag, 3.4. zu uns.<\/p>\n<p>Am Ostersonntag, 5.4. f\u00fchrten wir die Spaurmesse von W.A.Mozart auf, zusammen mit unseren bew\u00e4hrten Solisten Ilse Zeuner, \u00c5sa Dornbusch, Piotr Hoeder und Markus Haas.<\/p>\n<p>Am Pfingstsonntag (24.5.) wiederholten wir das Programm von Ostern.<\/p>\n<p>Dass einmal im Jahr die Schola im Gottesdienst singt, ist fest im Jahresplan. Dieses Jahr sangen wir am 23.8. die Missa de Angelis. Da das Volk diese Messe sehr gut kennt, konnten die Leute gut mitsingen.<\/p>\n<p>Zu einer guten Tradition scheint sich die Mitwirkung von Bl\u00e4sern aus Allschwil zu entwickeln, diese Mal wurden Alexandra und Reto nicht von ihren T\u00f6chtern, sondern von Hartwig Castelberg begleitet. Beim Eidgen\u00f6ssischen Dank-Buss- und Bettag erklang am 20.9. eine Urauff\u00fchrung: Die Missa tertia von Bardos in einer Fassung von Rolf Herter f\u00fcr Chor, Orgel, 2 Trompeten und Tuba.<\/p>\n<p>F\u00fcr den Manglaralto-Sonntag hatte Frau Imhof uns wieder eingeladen zu singen, und gerne kamen wir ihrer Bitte nach.<br \/>\nAm 25.10. sangen wir mit \u00c5sa Dornbusch die Choralmesse von Bruckner in der Fassung f\u00fcr Solo, Chor, Streicher und Orgel, sowie das Alta Trinita.<\/p>\n<p>Am 22. 11. gestalteten wir zum C\u00e4cilienfest einen Taiz\u00e9-Gottesdienst, der allerdings in sehr \u201efamili\u00e4rem\u201c Rahmen stattfand, da nicht bekannt war, dass ein Samstagabendgottesdienst stattfinden w\u00fcrde.<\/p>\n<p>In Gemeinsamkeit, gemeinsam einen Klang zu produzieren braucht gute Stimmen. So waren wir froh, dass Frau Dornbusch wieder mit uns einige Male Stimmbildung machte.<\/p>\n<p>Der 25.12. war als Projekt nicht normal (\u201eNicht normal\u201c war das Thema von Daniel Fischlers Weihnachtspredigt.) Da wir \u2013 auch dank vieler Gasts\u00e4nger \u2013 sehr weit waren, liessen wir die Probe vom 22.12. ausfallen. Am 23.12. waren wir um 21.00 fertig. Obwohl ich sehr Angst hatte, dass im letzten Moment noch eine Unkonzentriertheit erscheint, war die Chiemseemesse vom jungen Haydn, Michael Haydn, ein grosser Erfolg.<\/p>\n<p>Auch in den Proben zeigt sich die Gemeinsamkeit: Wir hatten 7 Proben mit anderen Ensembles, dazu 38 normale, 5 Scholaproben, 2 Orchesterproben und 1 Weekend.<\/p>\n<p>Jahr der Gemeinsamkeit:<br \/>\nNeue Leute in der Pfarrei, Konzerte mit Aesch und Allschwil. Aber eine der wichtigen Orte, wo wir gemeinsam denken und handeln ist der Vorstand! Was w\u00e4re ich ohne sie? Wir sind ein gutes, jetzt h\u00e4tte ich fast Team gesagt, was ist das deutsche Wort? Mannschaft kann ich ja bei 6 starken Frauen nicht sagen, sagen wir: Menschschaft.<br \/>\nDanke euch f\u00fcr alle M\u00fche und alle Arbeit, f\u00fcr eure Unterst\u00fctzung.<\/p>\n<p>Diese Gemeinschaft dr\u00fcckt auch einer der Originalverse des bekanntesten Weihnachtsliedes aus, der nie gesungen wird:<\/p>\n<p>Stille Nacht! Heilige Nacht!<br \/>\nWo sich heut alle Macht<br \/>\nV\u00e4terlicher Liebe ergo\u00df<br \/>\nUnd als Bruder huldvoll umschlo\u00df<br \/>\nJesus die V\u00f6lker der Welt!<br \/>\nJesus die V\u00f6lker der Welt!<\/p>\n<p><img loading=\"lazy\" decoding=\"async\" class=\"alignnone size-medium wp-image-589\" src=\"https:\/\/www.caecilienchor-muenchenstein.ch\/wp-content\/uploads\/0193_GV-_2016_01_23_b-200x300.jpg\" alt=\"0193_GV _2016_01_23_b\" width=\"200\" height=\"300\" srcset=\"https:\/\/www.caecilienchor-muenchenstein.ch\/wp-content\/uploads\/0193_GV-_2016_01_23_b-200x300.jpg 200w, https:\/\/www.caecilienchor-muenchenstein.ch\/wp-content\/uploads\/0193_GV-_2016_01_23_b-100x150.jpg 100w, https:\/\/www.caecilienchor-muenchenstein.ch\/wp-content\/uploads\/0193_GV-_2016_01_23_b-768x1152.jpg 768w, https:\/\/www.caecilienchor-muenchenstein.ch\/wp-content\/uploads\/0193_GV-_2016_01_23_b-80x120.jpg 80w, https:\/\/www.caecilienchor-muenchenstein.ch\/wp-content\/uploads\/0193_GV-_2016_01_23_b.jpg 2000w\" sizes=\"(max-width: 200px) 100vw, 200px\" \/> <img loading=\"lazy\" decoding=\"async\" class=\"alignnone size-medium wp-image-588\" src=\"https:\/\/www.caecilienchor-muenchenstein.ch\/wp-content\/uploads\/0194_GV-_2016_01_23_b-300x200.jpg\" alt=\"0194_GV _2016_01_23_b\" width=\"300\" height=\"200\" srcset=\"https:\/\/www.caecilienchor-muenchenstein.ch\/wp-content\/uploads\/0194_GV-_2016_01_23_b-300x200.jpg 300w, https:\/\/www.caecilienchor-muenchenstein.ch\/wp-content\/uploads\/0194_GV-_2016_01_23_b-150x100.jpg 150w, https:\/\/www.caecilienchor-muenchenstein.ch\/wp-content\/uploads\/0194_GV-_2016_01_23_b-768x512.jpg 768w, https:\/\/www.caecilienchor-muenchenstein.ch\/wp-content\/uploads\/0194_GV-_2016_01_23_b.jpg 2000w\" sizes=\"(max-width: 300px) 100vw, 300px\" \/> <img loading=\"lazy\" decoding=\"async\" class=\"alignnone size-medium wp-image-587\" src=\"https:\/\/www.caecilienchor-muenchenstein.ch\/wp-content\/uploads\/0191_GV-_2016_01_23_b-300x200.jpg\" alt=\"0191_GV _2016_01_23_b\" width=\"300\" height=\"200\" srcset=\"https:\/\/www.caecilienchor-muenchenstein.ch\/wp-content\/uploads\/0191_GV-_2016_01_23_b-300x200.jpg 300w, https:\/\/www.caecilienchor-muenchenstein.ch\/wp-content\/uploads\/0191_GV-_2016_01_23_b-150x100.jpg 150w, https:\/\/www.caecilienchor-muenchenstein.ch\/wp-content\/uploads\/0191_GV-_2016_01_23_b-768x512.jpg 768w, https:\/\/www.caecilienchor-muenchenstein.ch\/wp-content\/uploads\/0191_GV-_2016_01_23_b.jpg 2000w\" sizes=\"(max-width: 300px) 100vw, 300px\" \/> <img loading=\"lazy\" decoding=\"async\" class=\"alignnone size-medium wp-image-586\" src=\"https:\/\/www.caecilienchor-muenchenstein.ch\/wp-content\/uploads\/0183_GV-_2016_01_23_b-300x200.jpg\" alt=\"0183_GV _2016_01_23_b\" width=\"300\" height=\"200\" srcset=\"https:\/\/www.caecilienchor-muenchenstein.ch\/wp-content\/uploads\/0183_GV-_2016_01_23_b-300x200.jpg 300w, https:\/\/www.caecilienchor-muenchenstein.ch\/wp-content\/uploads\/0183_GV-_2016_01_23_b-150x100.jpg 150w, https:\/\/www.caecilienchor-muenchenstein.ch\/wp-content\/uploads\/0183_GV-_2016_01_23_b-768x512.jpg 768w, https:\/\/www.caecilienchor-muenchenstein.ch\/wp-content\/uploads\/0183_GV-_2016_01_23_b.jpg 2000w\" sizes=\"(max-width: 300px) 100vw, 300px\" \/><\/p>\n<p>&nbsp;<\/p>\n<p><strong>Jahresbericht \u00fcber das vergangene Vereinsjahr 2015 <\/strong><\/p>\n<p>Liebe S\u00e4ngerinnen und S\u00e4nger,<\/p>\n<p>bei meinem ersten Jahresbericht erz\u00e4hlte ich, dass ich nie gerne Aufs\u00e4tze schrieb. Das ist bis heute so. Ein Jahresbericht hat so etwas aufsatzm\u00e4ssiges an sich und so schiebe ich diesen so lange wie m\u00f6glich vor mich hin. Aber wie ihr seht, ist er fristgerecht geboren!<\/p>\n<p>R\u00fcckblickend war das Jahr 2015 wieder recht befrachtet. Angefangen hat es mit intensiven Proben f\u00fcr Cantars. Dass wir mit dem Kirchenchor Aesch zusammen singen konnten, war ein sch\u00f6nes Erlebnis. Das Konzert in der Clarakirche war eindr\u00fccklich, die Dirigierstunde danach mit Raphael Immoos sehr unterhaltsam.<br \/>\nIn der Karwoche haben sich die beiden Ch\u00f6re gegenseitig unterst\u00fctzt, wir am Hohen Donnerstag in Aesch, am Karfreitag kamen die Aescher zu uns. Wenn zwei Ch\u00f6re so freundschaftlich zusammenspannen, kann ja nur Gutes herauskommen. Ich w\u00fcnsche mir, dass das wieder einmal der Fall sein wird.<\/p>\n<p>In den w\u00f6chentlichen Proben waren wir recht fleissig. Jedenfalls war Rolf so zufrieden mit uns, dass die Probe zweimal ausfallen konnte! Das erste mal vor dem Schlussabend. Nun, da lohnt es sich ja nicht, noch Neues anzufangen, und zudem war Rolf in jener Woche verhindert. Das zweite mal am Dienstag vor Weihnachten. Das ist eher erstaunlich, doch alle konnten die Chiemsee-Messe fast auswendig. Dass an den Festtagen wie Ostern, Pfingsten und Weihnachten unsere treuen Gasts\u00e4nger mit uns singen, freut mich jedes Mal.<br \/>\nEin besonderer Event war das Adventskonzert mit den Musikvereinen Allschwil und Sch\u00f6nenbuch. Die Angst, dass die Bl\u00e4ser uns \u00fcbert\u00f6nen, war unberechtigt, sie haben sich grosse M\u00fche gegeben, leise zu spielen und das ist nicht einfach.<\/p>\n<p>Unser Chorleben spielt sich nicht nur musikalisch ab. Beim monatlichen Hock, bei gemeinsamen Nachtessen, beim Ausflug pflegen wir die Geselligkeit. Der letztj\u00e4hrige Schlussabend wurde von drei Jubilaren organisiert, n\u00e4mlich von Rolf, Walter und Alain. Erst wurde draussen ein reichhaltiger Ap\u00e9ro aufgetischt, dann gab es im Pfarreiheim Gschwellti und K\u00e4se, dazu Salat. Eine Superidee! Zum Singweekend geh\u00f6rte auch traditionell das gemeinsame Nachtessen am Samstag. Diesmal wieder im Altersheim Hofmatt, wo wir bestens bedient wurden. An der C\u00e4cilienfeier lieferte uns der bew\u00e4hrte Party-Service vom Muster einen feinen Gourmettopf (Pouletgeschnetzeltes an Safran-Champignon-Rahmsauce) mit Reis und Gem\u00fcse, und zum Dessert gab\u2019s gute Gasparini-Glac\u00e9. Da haben alle geschlemmt!<\/p>\n<p>Am Sommerplausch besuchten wir das Bakelit-Museum hier in M\u00fcnchenstein, organisiert von Beatrice. Was es da alles zu sehen gab! Und immer wieder h\u00f6rte man: das hatten wir auch, das ist mir bekannt, ja das habe ich auch noch gebraucht! Zum Nachtessen fuhren wir dann nach Dornach und liessen uns dann gem\u00fctlich im Garten des Restaurants Pergola nieder. Doch die Gem\u00fctlichkeit, sprich unsere Geduld wurde arg strapaziert, mussten wir doch lange auf die Bedienung warten. Aber wenigstens war die Pizza gut!<br \/>\nDer eint\u00e4gige Chorausflug hat in bew\u00e4hrter Weise Rolf organisiert. Er f\u00fchrte uns dem Oberrhein entlang nach Waldshut, wo es erst einmal einen Kaffeehalt gab, mit Gipfeli nat\u00fcrlich. Gem\u00fctlich sind wir dann durchs St\u00e4dtchen geschlendert, haben \u201egl\u00e4delet\u201c und schliesslich im Gasthaus Lamm das Mittagessen eingenommen. Bald darauf fuhren wir nach Bad S\u00e4ckingen zur\u00fcck. Und was gibt es dort Interessantes? Nat\u00fcrlich das Trompetenmuseum. Bei einer spannenden F\u00fchrung h\u00f6rten wir die Entwicklungsgeschichte dieses Instrumentes und staunten \u00fcber die Vielfalt dieser Sammlung. Die Heimkehr gestaltete sich aber eher schwierig, hatte der Zug doch 80 Minuten Versp\u00e4tung. Gut gibt es Taxidienste nach Rheinfelden! So kamen wir zwar etwas sp\u00e4ter als vorgesehen, aber doch zur christlichen Zeit nach Hause.<br \/>\nDer Klavierabend von Rolf mit Werken von Fr\u00e9d\u00e9ric Chopin und Abschnitten aus dem Buch von George Sand, gelesen von Harry K\u00fchn, f\u00fchrte uns in den Winter von Mallorca.<\/p>\n<p>Wieder kann ich Erfreuliches vom Mitgliederstand berichten. Der Sopran hat sich erneut verst\u00e4rkt. Saskia hat sich entschlossen, nach drei Jahren Abwesenheit erneut mitzusingen. Und Nelly ist der Meinung, dass es eigentlich sch\u00f6n sei, wenn sie ihren Walti am Dienstag zur Probe begleite. Somit ist der Sopran seit den Sommerferien auf 8 S\u00e4ngerinnen angewachsen. Es w\u00e4re eindr\u00fccklich, wenn ich vom Tenor das Gleiche berichten k\u00f6nnte \u2013 dieser bleibt mitgliederm\u00e4ssig ein Sorgenkind. Zum Gl\u00fcck haben wir dort gute S\u00e4nger. Es soll sich aber niemand benachteiligt f\u00fchlen, ihr seid alle gute S\u00e4ngerinnen und S\u00e4nger und ich danke euch allen f\u00fcr euer Engagement.<\/p>\n<p>Zum Schluss m\u00f6chte ich unserem Dirigenten Rolf danken. Er bringt es fertig, dass wir auch bei schwierigen St\u00fccken wie zum Beispiel das Halleluja von Cohen einigermassen mithalten k\u00f6nnen! Danken m\u00f6chte ich meinen Vorstandskolleginnen und \u2013kollege. Sie betreuen ihre Ressorts so selbstverst\u00e4ndlich und gewissenhaft, dass ich nicht mehr viel tun muss. Danken m\u00f6chte ich auch Marie-Anne, dass sie f\u00fcr Tanja eingesprungen ist und sich um die Noten k\u00fcmmert. Ein grosser Dank geht an den Kirchgemeinderat f\u00fcr die finanzielle Unterst\u00fctzung. Was w\u00e4re Ostern oder Weihnachten ohne festliche Orchestermusik. Aber eben, das kostet Geld! Und ein letzter herzlicher Dank geht an Inge K\u00fcmin und Walo Keist. Sie sind immer bereit, uns zu helfen und zu unterst\u00fctzen.<\/p>\n<p>Ich w\u00fcnsche allen auch im neuen Vereinsjahr ein frohes Singen \u2013 miteinander \u2013 f\u00fcreinander- f\u00fcr Andere \u2013 zur Ehre Gottes.<\/p>\n<p>M\u00fcnchenstein, 15. Januar 2016<\/p>\n","protected":false},"excerpt":{"rendered":"<p>Jahresbericht des Musikalischen Leiters 2015<\/p>\n<p class=\"continue-reading-button\"> <a class=\"continue-reading-link\" href=\"https:\/\/www.caecilienchor-muenchenstein.ch\/?p=590\">Weiterlesen\u00bb<i class=\"crycon-right-dir\"><\/i><\/a><\/p>\n","protected":false},"author":2,"featured_media":586,"comment_status":"closed","ping_status":"open","sticky":false,"template":"","format":"standard","meta":{"footnotes":""},"categories":[1],"tags":[],"class_list":["post-590","post","type-post","status-publish","format-standard","has-post-thumbnail","hentry","category-allgemein"],"_links":{"self":[{"href":"https:\/\/www.caecilienchor-muenchenstein.ch\/index.php?rest_route=\/wp\/v2\/posts\/590"}],"collection":[{"href":"https:\/\/www.caecilienchor-muenchenstein.ch\/index.php?rest_route=\/wp\/v2\/posts"}],"about":[{"href":"https:\/\/www.caecilienchor-muenchenstein.ch\/index.php?rest_route=\/wp\/v2\/types\/post"}],"author":[{"embeddable":true,"href":"https:\/\/www.caecilienchor-muenchenstein.ch\/index.php?rest_route=\/wp\/v2\/users\/2"}],"replies":[{"embeddable":true,"href":"https:\/\/www.caecilienchor-muenchenstein.ch\/index.php?rest_route=%2Fwp%2Fv2%2Fcomments&post=590"}],"version-history":[{"count":1,"href":"https:\/\/www.caecilienchor-muenchenstein.ch\/index.php?rest_route=\/wp\/v2\/posts\/590\/revisions"}],"predecessor-version":[{"id":591,"href":"https:\/\/www.caecilienchor-muenchenstein.ch\/index.php?rest_route=\/wp\/v2\/posts\/590\/revisions\/591"}],"wp:featuredmedia":[{"embeddable":true,"href":"https:\/\/www.caecilienchor-muenchenstein.ch\/index.php?rest_route=\/wp\/v2\/media\/586"}],"wp:attachment":[{"href":"https:\/\/www.caecilienchor-muenchenstein.ch\/index.php?rest_route=%2Fwp%2Fv2%2Fmedia&parent=590"}],"wp:term":[{"taxonomy":"category","embeddable":true,"href":"https:\/\/www.caecilienchor-muenchenstein.ch\/index.php?rest_route=%2Fwp%2Fv2%2Fcategories&post=590"},{"taxonomy":"post_tag","embeddable":true,"href":"https:\/\/www.caecilienchor-muenchenstein.ch\/index.php?rest_route=%2Fwp%2Fv2%2Ftags&post=590"}],"curies":[{"name":"wp","href":"https:\/\/api.w.org\/{rel}","templated":true}]}}