{"id":649,"date":"2016-06-28T21:19:29","date_gmt":"2016-06-28T19:19:29","guid":{"rendered":"https:\/\/www.caecilienchor-muenchenstein.ch\/?p=649"},"modified":"2022-05-09T00:54:48","modified_gmt":"2022-05-08T22:54:48","slug":"2016-schlussabend","status":"publish","type":"post","link":"https:\/\/www.caecilienchor-muenchenstein.ch\/?p=649","title":{"rendered":"Schlussabend 2016"},"content":{"rendered":"<p>Bei herrlichem Wetter und genossen die Anwesenden mit Alphornkl\u00e4ngen den Ap\u00e9ro, der sowohl f\u00fcrs Auge wie auch den Gaumen ein Schmaus war. <!--more-->Auch das Nachtessen war ausgezeichnet und es wurde angeregt diskutiert. Der Apfelkuchen zum Schluss ebenfalls ein Gedicht. All dies jeweils mit einer stilvollen Dekoration versehen. Herzlichen Dank den Jubilarinnen und Jubilaren, die uns diesen sch\u00f6nen Abend erm\u00f6glicht haben.<\/p>\n<p><img loading=\"lazy\" decoding=\"async\" class=\"alignnone size-medium wp-image-645\" src=\"https:\/\/www.caecilienchor-muenchenstein.ch\/wp-content\/uploads\/P1010516-300x225.jpg\" alt=\"P1010516\" width=\"300\" height=\"225\" srcset=\"https:\/\/www.caecilienchor-muenchenstein.ch\/wp-content\/uploads\/P1010516-300x225.jpg 300w, https:\/\/www.caecilienchor-muenchenstein.ch\/wp-content\/uploads\/P1010516-150x113.jpg 150w, https:\/\/www.caecilienchor-muenchenstein.ch\/wp-content\/uploads\/P1010516-768x576.jpg 768w\" sizes=\"(max-width: 300px) 100vw, 300px\" \/><img loading=\"lazy\" decoding=\"async\" class=\"alignnone size-medium wp-image-647\" src=\"https:\/\/www.caecilienchor-muenchenstein.ch\/wp-content\/uploads\/P1010554-300x225.jpg\" alt=\"P1010554\" width=\"300\" height=\"225\" srcset=\"https:\/\/www.caecilienchor-muenchenstein.ch\/wp-content\/uploads\/P1010554-300x225.jpg 300w, https:\/\/www.caecilienchor-muenchenstein.ch\/wp-content\/uploads\/P1010554-150x113.jpg 150w, https:\/\/www.caecilienchor-muenchenstein.ch\/wp-content\/uploads\/P1010554-768x576.jpg 768w\" sizes=\"(max-width: 300px) 100vw, 300px\" \/> <img loading=\"lazy\" decoding=\"async\" class=\"alignnone size-medium wp-image-646\" src=\"https:\/\/www.caecilienchor-muenchenstein.ch\/wp-content\/uploads\/P1010548-300x225.jpg\" alt=\"P1010548\" width=\"300\" height=\"225\" srcset=\"https:\/\/www.caecilienchor-muenchenstein.ch\/wp-content\/uploads\/P1010548-300x225.jpg 300w, https:\/\/www.caecilienchor-muenchenstein.ch\/wp-content\/uploads\/P1010548-150x113.jpg 150w, https:\/\/www.caecilienchor-muenchenstein.ch\/wp-content\/uploads\/P1010548-768x576.jpg 768w\" sizes=\"(max-width: 300px) 100vw, 300px\" \/><\/p>\n","protected":false},"excerpt":{"rendered":"<p>Bei herrlichem Wetter und genossen die Anwesenden mit Alphornkl\u00e4ngen den Ap\u00e9ro, der sowohl f\u00fcrs Auge wie auch den Gaumen ein Schmaus war.<\/p>\n<p class=\"continue-reading-button\"> <a class=\"continue-reading-link\" href=\"https:\/\/www.caecilienchor-muenchenstein.ch\/?p=649\">Weiterlesen\u00bb<i class=\"crycon-right-dir\"><\/i><\/a><\/p>\n","protected":false},"author":2,"featured_media":648,"comment_status":"closed","ping_status":"open","sticky":false,"template":"","format":"standard","meta":{"footnotes":""},"categories":[1,7],"tags":[],"class_list":["post-649","post","type-post","status-publish","format-standard","has-post-thumbnail","hentry","category-allgemein","category-titelseite"],"_links":{"self":[{"href":"https:\/\/www.caecilienchor-muenchenstein.ch\/index.php?rest_route=\/wp\/v2\/posts\/649"}],"collection":[{"href":"https:\/\/www.caecilienchor-muenchenstein.ch\/index.php?rest_route=\/wp\/v2\/posts"}],"about":[{"href":"https:\/\/www.caecilienchor-muenchenstein.ch\/index.php?rest_route=\/wp\/v2\/types\/post"}],"author":[{"embeddable":true,"href":"https:\/\/www.caecilienchor-muenchenstein.ch\/index.php?rest_route=\/wp\/v2\/users\/2"}],"replies":[{"embeddable":true,"href":"https:\/\/www.caecilienchor-muenchenstein.ch\/index.php?rest_route=%2Fwp%2Fv2%2Fcomments&post=649"}],"version-history":[{"count":4,"href":"https:\/\/www.caecilienchor-muenchenstein.ch\/index.php?rest_route=\/wp\/v2\/posts\/649\/revisions"}],"predecessor-version":[{"id":657,"href":"https:\/\/www.caecilienchor-muenchenstein.ch\/index.php?rest_route=\/wp\/v2\/posts\/649\/revisions\/657"}],"wp:featuredmedia":[{"embeddable":true,"href":"https:\/\/www.caecilienchor-muenchenstein.ch\/index.php?rest_route=\/wp\/v2\/media\/648"}],"wp:attachment":[{"href":"https:\/\/www.caecilienchor-muenchenstein.ch\/index.php?rest_route=%2Fwp%2Fv2%2Fmedia&parent=649"}],"wp:term":[{"taxonomy":"category","embeddable":true,"href":"https:\/\/www.caecilienchor-muenchenstein.ch\/index.php?rest_route=%2Fwp%2Fv2%2Fcategories&post=649"},{"taxonomy":"post_tag","embeddable":true,"href":"https:\/\/www.caecilienchor-muenchenstein.ch\/index.php?rest_route=%2Fwp%2Fv2%2Ftags&post=649"}],"curies":[{"name":"wp","href":"https:\/\/api.w.org\/{rel}","templated":true}]}}