{"id":800,"date":"2016-11-06T11:50:09","date_gmt":"2016-11-06T10:50:09","guid":{"rendered":"https:\/\/www.caecilienchor-muenchenstein.ch\/?p=800"},"modified":"2022-05-09T00:54:48","modified_gmt":"2022-05-08T22:54:48","slug":"konzert","status":"publish","type":"post","link":"https:\/\/www.caecilienchor-muenchenstein.ch\/?p=800","title":{"rendered":"Konzert 2016"},"content":{"rendered":"<p>Ein stimmungsvolles, besinnliches Konzert <!--more-->bot der C\u00e4cilienchor mit Orchester unter der Leitung von Rolf Herter am vergangenen Sonntag einer grossen H\u00f6rerschaft in der Pfarrkirche. Auf dem Programm stand franz\u00f6sische Musik des 19. und 20. Jahrhunderts. Harfenkl\u00e4nge, gespielt von Viviane Pascatore, und zarte, gut durchh\u00f6rbare Chorstimmen er\u00f6ffneten den Abend im \u00abCantique de Jean Racine\u00bb von Gabriel Faur\u00e9, einem gef\u00fchlvollen Hymnus, der auch heute noch im Gottesdienst Platz haben k\u00f6nnte. Das daran anschliessende Orgelkonzert von Francis Poulenc war rhythmisch und klanglich abwechslungsreich und erforderte aktives Zuh\u00f6ren. Birgit Tittel entlockte der Orgel ungewohnte T\u00f6ne, die in Verbindung mit den Streichern interessante Klangkombinationen ergaben. Den H\u00f6hepunkt des Abends bildete das Requiem von Gabriel Faur\u00e9 in einer engagierten, klanglich ausgewogenen und nuancierten Darbietung von Chor, Solisten (Ilse Zeuner und Markus Haas) und Orchester. Alles passte sehr sch\u00f6n zusammen: Genau nach dem letzten Ton des Werkes begann die Glocke im Kirchturm zu schlagen. Die Spannung hielt \u00fcber mehrere Glockenschl\u00e4ge an, bevor der verdiente Applaus f\u00fcr einen rundum gelungenen Anlass einsetzte.<\/p>\n<p>Jose-Anton Willa<\/p>\n<p><img loading=\"lazy\" decoding=\"async\" class=\"alignnone size-medium wp-image-807\" src=\"https:\/\/www.caecilienchor-muenchenstein.ch\/wp-content\/uploads\/P1010806-300x225.jpg\" alt=\"\" width=\"300\" height=\"225\" srcset=\"https:\/\/www.caecilienchor-muenchenstein.ch\/wp-content\/uploads\/P1010806-300x225.jpg 300w, https:\/\/www.caecilienchor-muenchenstein.ch\/wp-content\/uploads\/P1010806-150x113.jpg 150w, https:\/\/www.caecilienchor-muenchenstein.ch\/wp-content\/uploads\/P1010806-768x576.jpg 768w\" sizes=\"(max-width: 300px) 100vw, 300px\" \/> <img loading=\"lazy\" decoding=\"async\" class=\"alignnone size-medium wp-image-806\" src=\"https:\/\/www.caecilienchor-muenchenstein.ch\/wp-content\/uploads\/P1010794-300x225.jpg\" alt=\"\" width=\"300\" height=\"225\" srcset=\"https:\/\/www.caecilienchor-muenchenstein.ch\/wp-content\/uploads\/P1010794-300x225.jpg 300w, https:\/\/www.caecilienchor-muenchenstein.ch\/wp-content\/uploads\/P1010794-150x113.jpg 150w, https:\/\/www.caecilienchor-muenchenstein.ch\/wp-content\/uploads\/P1010794-768x576.jpg 768w\" sizes=\"(max-width: 300px) 100vw, 300px\" \/> Fotos Claudia B\u00fcrgin<\/p>\n<p><img loading=\"lazy\" decoding=\"async\" class=\"alignnone size-medium wp-image-805\" src=\"https:\/\/www.caecilienchor-muenchenstein.ch\/wp-content\/uploads\/DSC02814-300x200.jpg\" alt=\"\" width=\"300\" height=\"200\" \/> <img loading=\"lazy\" decoding=\"async\" class=\"alignnone size-medium wp-image-804\" src=\"https:\/\/www.caecilienchor-muenchenstein.ch\/wp-content\/uploads\/DSC02786-300x200.jpg\" alt=\"\" width=\"300\" height=\"200\" \/> <img loading=\"lazy\" decoding=\"async\" class=\"alignnone size-medium wp-image-803\" src=\"https:\/\/www.caecilienchor-muenchenstein.ch\/wp-content\/uploads\/DSC02780-300x200.jpg\" alt=\"\" width=\"300\" height=\"200\" \/> Fotos Markus Haas<\/p>\n<p>&nbsp;<\/p>\n","protected":false},"excerpt":{"rendered":"<p>Ein stimmungsvolles, besinnliches Konzert<\/p>\n<p class=\"continue-reading-button\"> <a class=\"continue-reading-link\" href=\"https:\/\/www.caecilienchor-muenchenstein.ch\/?p=800\">Weiterlesen\u00bb<i class=\"crycon-right-dir\"><\/i><\/a><\/p>\n","protected":false},"author":2,"featured_media":676,"comment_status":"closed","ping_status":"open","sticky":false,"template":"","format":"standard","meta":{"footnotes":""},"categories":[1,6,7],"tags":[],"class_list":["post-800","post","type-post","status-publish","format-standard","has-post-thumbnail","hentry","category-allgemein","category-programm","category-titelseite"],"_links":{"self":[{"href":"https:\/\/www.caecilienchor-muenchenstein.ch\/index.php?rest_route=\/wp\/v2\/posts\/800"}],"collection":[{"href":"https:\/\/www.caecilienchor-muenchenstein.ch\/index.php?rest_route=\/wp\/v2\/posts"}],"about":[{"href":"https:\/\/www.caecilienchor-muenchenstein.ch\/index.php?rest_route=\/wp\/v2\/types\/post"}],"author":[{"embeddable":true,"href":"https:\/\/www.caecilienchor-muenchenstein.ch\/index.php?rest_route=\/wp\/v2\/users\/2"}],"replies":[{"embeddable":true,"href":"https:\/\/www.caecilienchor-muenchenstein.ch\/index.php?rest_route=%2Fwp%2Fv2%2Fcomments&post=800"}],"version-history":[{"count":5,"href":"https:\/\/www.caecilienchor-muenchenstein.ch\/index.php?rest_route=\/wp\/v2\/posts\/800\/revisions"}],"predecessor-version":[{"id":810,"href":"https:\/\/www.caecilienchor-muenchenstein.ch\/index.php?rest_route=\/wp\/v2\/posts\/800\/revisions\/810"}],"wp:featuredmedia":[{"embeddable":true,"href":"https:\/\/www.caecilienchor-muenchenstein.ch\/index.php?rest_route=\/wp\/v2\/media\/676"}],"wp:attachment":[{"href":"https:\/\/www.caecilienchor-muenchenstein.ch\/index.php?rest_route=%2Fwp%2Fv2%2Fmedia&parent=800"}],"wp:term":[{"taxonomy":"category","embeddable":true,"href":"https:\/\/www.caecilienchor-muenchenstein.ch\/index.php?rest_route=%2Fwp%2Fv2%2Fcategories&post=800"},{"taxonomy":"post_tag","embeddable":true,"href":"https:\/\/www.caecilienchor-muenchenstein.ch\/index.php?rest_route=%2Fwp%2Fv2%2Ftags&post=800"}],"curies":[{"name":"wp","href":"https:\/\/api.w.org\/{rel}","templated":true}]}}