{"id":811,"date":"2017-01-28T14:28:29","date_gmt":"2017-01-28T13:28:29","guid":{"rendered":"https:\/\/www.caecilienchor-muenchenstein.ch\/?p=811"},"modified":"2022-05-09T00:54:48","modified_gmt":"2022-05-08T22:54:48","slug":"gv-2017","status":"publish","type":"post","link":"https:\/\/www.caecilienchor-muenchenstein.ch\/?p=811","title":{"rendered":"GV 2017"},"content":{"rendered":"<p>Die Aktiven und die Passiven<!--more--><\/p>\n<p>An einer Generalversammlung kommen diese beiden Begriffe immer wieder in ganz unterschiedlicher Form zur Sprache. Auf der einen Seite sind es die aktiven S\u00e4ngerinnen und S\u00e4nger, so an der GV vom C\u00e4cilienchor, sowie andererseits die Passivmitglieder, die wir sehr sch\u00e4tzen und deren Mitgliederbeitrag kein Anlass gab zum Streiten. Auch die Aktiven und Passiven bei den Finanzen, d.h. Rechnung und Budget gingen flott \u00fcber die B\u00fchne. Also Grund genug, in diesem Verein aktiv zu werden.<\/p>\n<p>Sie haben die M\u00f6glichkeit, als Gasts\u00e4ngerin oder -s\u00e4nger an Ostern und Pfingsten bei der Orgelsolomesse von W.A. Mozart mitzuwirken. Ab 7. Februar beginnen wir mit den Proben jeweils von 20.00 bis 21.00 Uhr (ausser in den Ferien) im Saal des Pfarreiheims, kath. Kirchgemeinde, Loogstrasse 22.<\/p>\n<p>Wenn Ihnen Gregorianik und der Choralgesang gef\u00e4llt, w\u00e4re die M\u00f6glichkeit jeweils ca. 1 x im Monat von 19.30 bis 20.00 Uhr sich in ein Werk zu vertiefen, das dann im September im Dom gesungen wird.<\/p>\n<p>Also, bleiben Sie nicht passiv, sondern werden Sie aktiv! Sie k\u00f6nnen mit uns Kontakt aufnehmen \u00fcber die Homepage: www.caecilienchor-muenchenstein.ch.*<\/p>\n<p>&nbsp;<\/p>\n<p>Nach dem feinen Essen, welches uns Stefan Zuber zubereitet hat, berichtet Bianca Schmucki von ihrer Austalienreise.<\/p>\n","protected":false},"excerpt":{"rendered":"<p>Die Aktiven und die Passiven<\/p>\n<p class=\"continue-reading-button\"> <a class=\"continue-reading-link\" href=\"https:\/\/www.caecilienchor-muenchenstein.ch\/?p=811\">Weiterlesen\u00bb<i class=\"crycon-right-dir\"><\/i><\/a><\/p>\n","protected":false},"author":2,"featured_media":813,"comment_status":"closed","ping_status":"open","sticky":false,"template":"","format":"standard","meta":{"footnotes":""},"categories":[1,7],"tags":[],"class_list":["post-811","post","type-post","status-publish","format-standard","has-post-thumbnail","hentry","category-allgemein","category-titelseite"],"_links":{"self":[{"href":"https:\/\/www.caecilienchor-muenchenstein.ch\/index.php?rest_route=\/wp\/v2\/posts\/811"}],"collection":[{"href":"https:\/\/www.caecilienchor-muenchenstein.ch\/index.php?rest_route=\/wp\/v2\/posts"}],"about":[{"href":"https:\/\/www.caecilienchor-muenchenstein.ch\/index.php?rest_route=\/wp\/v2\/types\/post"}],"author":[{"embeddable":true,"href":"https:\/\/www.caecilienchor-muenchenstein.ch\/index.php?rest_route=\/wp\/v2\/users\/2"}],"replies":[{"embeddable":true,"href":"https:\/\/www.caecilienchor-muenchenstein.ch\/index.php?rest_route=%2Fwp%2Fv2%2Fcomments&post=811"}],"version-history":[{"count":1,"href":"https:\/\/www.caecilienchor-muenchenstein.ch\/index.php?rest_route=\/wp\/v2\/posts\/811\/revisions"}],"predecessor-version":[{"id":812,"href":"https:\/\/www.caecilienchor-muenchenstein.ch\/index.php?rest_route=\/wp\/v2\/posts\/811\/revisions\/812"}],"wp:featuredmedia":[{"embeddable":true,"href":"https:\/\/www.caecilienchor-muenchenstein.ch\/index.php?rest_route=\/wp\/v2\/media\/813"}],"wp:attachment":[{"href":"https:\/\/www.caecilienchor-muenchenstein.ch\/index.php?rest_route=%2Fwp%2Fv2%2Fmedia&parent=811"}],"wp:term":[{"taxonomy":"category","embeddable":true,"href":"https:\/\/www.caecilienchor-muenchenstein.ch\/index.php?rest_route=%2Fwp%2Fv2%2Fcategories&post=811"},{"taxonomy":"post_tag","embeddable":true,"href":"https:\/\/www.caecilienchor-muenchenstein.ch\/index.php?rest_route=%2Fwp%2Fv2%2Ftags&post=811"}],"curies":[{"name":"wp","href":"https:\/\/api.w.org\/{rel}","templated":true}]}}