{"id":832,"date":"2017-06-27T16:01:29","date_gmt":"2017-06-27T14:01:29","guid":{"rendered":"https:\/\/www.caecilienchor-muenchenstein.ch\/?p=832"},"modified":"2022-05-09T00:54:48","modified_gmt":"2022-05-08T22:54:48","slug":"schlussabend-2017","status":"publish","type":"post","link":"https:\/\/www.caecilienchor-muenchenstein.ch\/?p=832","title":{"rendered":"Schlussabend 2017"},"content":{"rendered":"<p>Im Gegensatz zum letzten Jahr, waren es nur drei Chormitglieder, welche den diesej\u00e4hrigen Schlussabend ausrichteten.<!--more--> Es war so fein und unterhaltsam, dass die Fotografin nach dem Ap\u00e9ro leider den Fotoapparat liegen liess. Ein ganz herzliches Dankesch\u00f6n an Beatrice, Doreen und Markus!<\/p>\n<p>&nbsp;<\/p>\n<p><img loading=\"lazy\" decoding=\"async\" class=\"alignnone wp-image-833 size-medium\" src=\"https:\/\/www.caecilienchor-muenchenstein.ch\/wp-content\/uploads\/P1300911-e1502632796285-225x300.jpg\" alt=\"\" width=\"225\" height=\"300\" srcset=\"https:\/\/www.caecilienchor-muenchenstein.ch\/wp-content\/uploads\/P1300911-e1502632796285-225x300.jpg 225w, https:\/\/www.caecilienchor-muenchenstein.ch\/wp-content\/uploads\/P1300911-e1502632796285-113x150.jpg 113w, https:\/\/www.caecilienchor-muenchenstein.ch\/wp-content\/uploads\/P1300911-e1502632796285-768x1024.jpg 768w, https:\/\/www.caecilienchor-muenchenstein.ch\/wp-content\/uploads\/P1300911-e1502632796285.jpg 1920w\" sizes=\"(max-width: 225px) 100vw, 225px\" \/>\u00a0 <img loading=\"lazy\" decoding=\"async\" class=\"alignnone wp-image-835 size-medium\" src=\"https:\/\/www.caecilienchor-muenchenstein.ch\/wp-content\/uploads\/P1300913-e1502632841810-225x300.jpg\" alt=\"\" width=\"225\" height=\"300\" srcset=\"https:\/\/www.caecilienchor-muenchenstein.ch\/wp-content\/uploads\/P1300913-e1502632841810-225x300.jpg 225w, https:\/\/www.caecilienchor-muenchenstein.ch\/wp-content\/uploads\/P1300913-e1502632841810-113x150.jpg 113w, https:\/\/www.caecilienchor-muenchenstein.ch\/wp-content\/uploads\/P1300913-e1502632841810-768x1024.jpg 768w, https:\/\/www.caecilienchor-muenchenstein.ch\/wp-content\/uploads\/P1300913-e1502632841810.jpg 1920w\" sizes=\"(max-width: 225px) 100vw, 225px\" \/> <img loading=\"lazy\" decoding=\"async\" class=\"alignnone wp-image-837 size-medium\" src=\"https:\/\/www.caecilienchor-muenchenstein.ch\/wp-content\/uploads\/P1300915-e1502632860447-225x300.jpg\" alt=\"\" width=\"225\" height=\"300\" srcset=\"https:\/\/www.caecilienchor-muenchenstein.ch\/wp-content\/uploads\/P1300915-e1502632860447-225x300.jpg 225w, https:\/\/www.caecilienchor-muenchenstein.ch\/wp-content\/uploads\/P1300915-e1502632860447-113x150.jpg 113w, https:\/\/www.caecilienchor-muenchenstein.ch\/wp-content\/uploads\/P1300915-e1502632860447-768x1024.jpg 768w, https:\/\/www.caecilienchor-muenchenstein.ch\/wp-content\/uploads\/P1300915-e1502632860447.jpg 1920w\" sizes=\"(max-width: 225px) 100vw, 225px\" \/><\/p>\n","protected":false},"excerpt":{"rendered":"<p>Im Gegensatz zum letzten Jahr, waren es nur drei Chormitglieder, welche den diesej\u00e4hrigen Schlussabend ausrichteten.<\/p>\n<p class=\"continue-reading-button\"> <a class=\"continue-reading-link\" href=\"https:\/\/www.caecilienchor-muenchenstein.ch\/?p=832\">Weiterlesen\u00bb<i class=\"crycon-right-dir\"><\/i><\/a><\/p>\n","protected":false},"author":2,"featured_media":836,"comment_status":"closed","ping_status":"open","sticky":false,"template":"","format":"standard","meta":{"footnotes":""},"categories":[1,7],"tags":[],"class_list":["post-832","post","type-post","status-publish","format-standard","has-post-thumbnail","hentry","category-allgemein","category-titelseite"],"_links":{"self":[{"href":"https:\/\/www.caecilienchor-muenchenstein.ch\/index.php?rest_route=\/wp\/v2\/posts\/832"}],"collection":[{"href":"https:\/\/www.caecilienchor-muenchenstein.ch\/index.php?rest_route=\/wp\/v2\/posts"}],"about":[{"href":"https:\/\/www.caecilienchor-muenchenstein.ch\/index.php?rest_route=\/wp\/v2\/types\/post"}],"author":[{"embeddable":true,"href":"https:\/\/www.caecilienchor-muenchenstein.ch\/index.php?rest_route=\/wp\/v2\/users\/2"}],"replies":[{"embeddable":true,"href":"https:\/\/www.caecilienchor-muenchenstein.ch\/index.php?rest_route=%2Fwp%2Fv2%2Fcomments&post=832"}],"version-history":[{"count":3,"href":"https:\/\/www.caecilienchor-muenchenstein.ch\/index.php?rest_route=\/wp\/v2\/posts\/832\/revisions"}],"predecessor-version":[{"id":840,"href":"https:\/\/www.caecilienchor-muenchenstein.ch\/index.php?rest_route=\/wp\/v2\/posts\/832\/revisions\/840"}],"wp:featuredmedia":[{"embeddable":true,"href":"https:\/\/www.caecilienchor-muenchenstein.ch\/index.php?rest_route=\/wp\/v2\/media\/836"}],"wp:attachment":[{"href":"https:\/\/www.caecilienchor-muenchenstein.ch\/index.php?rest_route=%2Fwp%2Fv2%2Fmedia&parent=832"}],"wp:term":[{"taxonomy":"category","embeddable":true,"href":"https:\/\/www.caecilienchor-muenchenstein.ch\/index.php?rest_route=%2Fwp%2Fv2%2Fcategories&post=832"},{"taxonomy":"post_tag","embeddable":true,"href":"https:\/\/www.caecilienchor-muenchenstein.ch\/index.php?rest_route=%2Fwp%2Fv2%2Ftags&post=832"}],"curies":[{"name":"wp","href":"https:\/\/api.w.org\/{rel}","templated":true}]}}